{"id":9520,"date":"2023-07-06T21:54:30","date_gmt":"2023-07-06T19:54:30","guid":{"rendered":"https:\/\/yrttimaa.net\/Blogi\/?p=9520"},"modified":"2023-07-06T21:54:32","modified_gmt":"2023-07-06T19:54:32","slug":"jo-on-con","status":"publish","type":"post","link":"https:\/\/yrttimaa.net\/Blogi\/?p=9520","title":{"rendered":"Jo on Con"},"content":{"rendered":"\n<p class=\"has-drop-cap\"><strong>T\u00e4n\u00e4 viikonloppuna <\/strong><a rel=\"noreferrer noopener\" href=\"https:\/\/2023.finncon.org\/\" target=\"_blank\"><strong>Finncon on taas elossa<\/strong>, t\u00e4ll\u00e4 kertaa Tampereen yliopiston keskustakampuksella<\/a>. Minua n\u00e4kee siell\u00e4 perjantaista sunnuntaihin, ns. lauteilla lauantaina kello 15 Luentosalissa D10B, jossa puhun kirjoittamisen ja k\u00e4\u00e4nt\u00e4misen suhteesta Sara Norjan sek\u00e4 Johannoiden Sinisalo ja Vainikainen kanssa. Niin loistavien tyyppien kanssa tulee luultavasti vallan kiinnostavaa keskustelua.<\/p>\n","protected":false},"excerpt":{"rendered":"<p>T\u00e4n\u00e4 viikonloppuna Finncon on taas elossa, t\u00e4ll\u00e4 kertaa Tampereen yliopiston keskustakampuksella. Minua n\u00e4kee siell\u00e4 perjantaista sunnuntaihin, ns. lauteilla lauantaina kello 15 Luentosalissa D10B, jossa puhun kirjoittamisen ja k\u00e4\u00e4nt\u00e4misen suhteesta Sara Norjan sek\u00e4 Johannoiden Sinisalo ja Vainikainen kanssa. Niin loistavien tyyppien kanssa tulee luultavasti vallan kiinnostavaa &hellip; <a href=\"https:\/\/yrttimaa.net\/Blogi\/?p=9520\" class=\"more-link\">Jatka artikkeliin <span class=\"screen-reader-text\">Jo on Con<\/span><\/a><\/p>\n","protected":false},"author":1,"featured_media":0,"comment_status":"open","ping_status":"closed","sticky":false,"template":"","format":"standard","meta":{"footnotes":""},"categories":[13,5,21,20,29,9,6,14],"tags":[],"class_list":["post-9520","post","type-post","status-publish","format-standard","hentry","category-kirjailijaelamaa","category-kirjallisuus","category-kulttuuri","category-maailmankaikkeus","category-riitit","category-sf","category-suomentaminen","category-tapahtumat"],"_links":{"self":[{"href":"https:\/\/yrttimaa.net\/Blogi\/index.php?rest_route=\/wp\/v2\/posts\/9520","targetHints":{"allow":["GET"]}}],"collection":[{"href":"https:\/\/yrttimaa.net\/Blogi\/index.php?rest_route=\/wp\/v2\/posts"}],"about":[{"href":"https:\/\/yrttimaa.net\/Blogi\/index.php?rest_route=\/wp\/v2\/types\/post"}],"author":[{"embeddable":true,"href":"https:\/\/yrttimaa.net\/Blogi\/index.php?rest_route=\/wp\/v2\/users\/1"}],"replies":[{"embeddable":true,"href":"https:\/\/yrttimaa.net\/Blogi\/index.php?rest_route=%2Fwp%2Fv2%2Fcomments&post=9520"}],"version-history":[{"count":1,"href":"https:\/\/yrttimaa.net\/Blogi\/index.php?rest_route=\/wp\/v2\/posts\/9520\/revisions"}],"predecessor-version":[{"id":9521,"href":"https:\/\/yrttimaa.net\/Blogi\/index.php?rest_route=\/wp\/v2\/posts\/9520\/revisions\/9521"}],"wp:attachment":[{"href":"https:\/\/yrttimaa.net\/Blogi\/index.php?rest_route=%2Fwp%2Fv2%2Fmedia&parent=9520"}],"wp:term":[{"taxonomy":"category","embeddable":true,"href":"https:\/\/yrttimaa.net\/Blogi\/index.php?rest_route=%2Fwp%2Fv2%2Fcategories&post=9520"},{"taxonomy":"post_tag","embeddable":true,"href":"https:\/\/yrttimaa.net\/Blogi\/index.php?rest_route=%2Fwp%2Fv2%2Ftags&post=9520"}],"curies":[{"name":"wp","href":"https:\/\/api.w.org\/{rel}","templated":true}]}}