{"id":5605,"date":"2013-03-12T19:19:32","date_gmt":"2013-03-12T17:19:32","guid":{"rendered":"http:\/\/www.yrttimaa.net\/Blogi\/?p=5605"},"modified":"2013-03-12T19:19:32","modified_gmt":"2013-03-12T17:19:32","slug":"siina-lepaa-hetken","status":"publish","type":"post","link":"https:\/\/yrttimaa.net\/Blogi\/?p=5605","title":{"rendered":"Siin\u00e4 lep\u00e4\u00e4 \u2013 hetken"},"content":{"rendered":"<p><strong><big>\u00c4<img loading=\"lazy\" decoding=\"async\" class=\"alignright\" alt=\"\" src=\"http:\/\/www.yrttimaa.net\/kuvat\/Blogiin\/Hakemisto.jpg\" width=\"308\" height=\"600\" \/><\/big>sken katselin 25. lukuun kirjoittamaani teksti\u00e4<\/strong> ja, vaikka p\u00e4hk\u00e4ilin, en keksinyt mit\u00e4 siihen pit\u00e4isi lis\u00e4t\u00e4. En my\u00f6sk\u00e4\u00e4n keksinyt en\u00e4\u00e4 yht\u00e4\u00e4n uutta t\u00e4ydennyst\u00e4 lis\u00e4tt\u00e4v\u00e4ksi kahteenkymmeneennelj\u00e4\u00e4n aikaisempaan lukuun. Joten uskottava se on: <em>Paluun<\/em> ensimm\u00e4inen versio on nyt valmis.<\/p>\n<p>Hetkitt\u00e4in hanke on hirvitt\u00e4nyt. Kun kyseess\u00e4 on itsen\u00e4inen jatko-osa <em>Alshainiin<\/em>, on tietysti otettava huomioon edellisen kirjan tapahtumat: loppuviikosta tulinkin huomanneeksi \u2013 kun etsin vuosia sitten kirjoittamastani teoksesta er\u00e4st\u00e4 detaljia \u2013 ett\u00e4 nyt kirjoittamani teksti on pikkuriikkist\u00e4 pahemmin ristiriidassa er\u00e4iden <em>Alshainin<\/em> lopussa mainittujen asioiden kanssa. Onneksi siistihk\u00f6 paikkaaminen ei ollut mitenk\u00e4\u00e4n mahdotonta eik\u00e4 tolkuttoman ty\u00f6l\u00e4st\u00e4. Joku voi ehk\u00e4 valmiista kirjasta huomata mihin jouduin tekem\u00e4\u00e4n pikkukiemuran, mutta sille ei mahda mit\u00e4\u00e4n. T\u00e4ll\u00e4 menn\u00e4\u00e4n.<\/p>\n<p>Oli my\u00f6s otettava, alusta alkaen, huomioon <em>Alshainin<\/em> rakenne ja noudatettava sit\u00e4 my\u00f6s t\u00e4ss\u00e4: viisi osaa, jokaisella oma kertoja, jokaisessa osassa viisi (numeroimatonta tai nime\u00e4m\u00e4t\u00f6nt\u00e4) lukua.* Kaikki vuorovaikuttavat kesken\u00e4\u00e4n. Kaikki kokevat \u2013 tavalla tai toisella \u2013 saman yksitt\u00e4isen tapahtuman, mutta sen merkitys on heille erilainen. <em>Alshainissa<\/em> oli kyseess\u00e4 er\u00e4\u00e4nlainen detalji, jonka merkitys tosin paljastuu kirjan loppua kohtaan suuremmaksi kuin milt\u00e4 aluksi n\u00e4ytt\u00e4\u00e4. <em>Paluussa<\/em> kyseess\u00e4 on kaikkien kertojien \u2013 ja monien muiden \u2013 kohdalla iso, dramaattinen, ja hengenvaarallinen tapahtuma. Kyseinen tapahtuma mainitaan jo <em>Alshainissa<\/em>. Uuden kirjan rakenteessa on viel\u00e4 yksi kommervenkki, jonka sain p\u00e4\u00e4h\u00e4ni teosta hahmotellessani ja jonka onnistuin ainakin t\u00e4h\u00e4n ensimm\u00e4iseen versioon toteuttamaan mielest\u00e4ni ihan kelvollisesti.<\/p>\n<p>Varsinainen kylm\u00e4 rinki -tekij\u00e4 t\u00e4m\u00e4n kirjan kirjoittamisessa oli perinteisesti kirjalle laatimani huolellinen ja kohtuullisen yksityiskohtainen lukusuunnitelma, jossa on sivukaupalla ranskalaisia viivoja: t\u00e4ss\u00e4 luvussa X tekee t\u00e4t\u00e4 ja kohtaa ohimennen Y:n ja ajattelee tuota. T\u00e4ll\u00e4kin kertaa tein lukusuunnitelman, jota en sitten loppujen lopuksi noudattanut kovinkaan hyvin. Alun perin hahmottelemani kertojat \u2013 kunkin osan p\u00e4\u00e4henkil\u00f6t kyll\u00e4 pysyiv\u00e4t alunperin ajatellussa kuosissaan \u2013 yht\u00e4 lukuun ottamatta. Heid\u00e4n j\u00e4rjestyksens\u00e4 muuttui moneen kertaan, ja ensimm\u00e4ist\u00e4 osaa lukuun ottamatta lukusuunnitelmasta sitten loppujen lopuksi j\u00e4i kokonaan puuttumaan luvuittainen suunnitelma. Annoin homman menn\u00e4 eteenp\u00e4in ns. perstuntumalla. Koska edell\u00e4 mainittu, jokaista kertojaa yhdist\u00e4v\u00e4 tapahtuma on niin iso juttu, minulla oli sent\u00e4\u00e4n kohtuullisen hyv\u00e4 k\u00e4sitys siit\u00e4 mit\u00e4 lukuihin piti saada. Sit\u00e4 ei vain tullut miss\u00e4\u00e4n vaiheessa kirjattua suunnitelmaan. Pari kertaa k\u00e4vi kyll\u00e4 niinkin, ett\u00e4 jouduin miettim\u00e4\u00e4n y\u00f6n yli keksi\u00e4kseni kertojalleni mielek\u00e4st\u00e4 tekemist\u00e4 yhden luvun verran ennen kuin h\u00e4nen pit\u00e4\u00e4 olla siin\u00e4 paikassa mihin h\u00e4nen tulee p\u00e4\u00e4ty\u00e4, mutta jotenkin sellaista aina l\u00f6ytyi viimeist\u00e4\u00e4n parin y\u00f6n nukkumisella. <em>Karstan<\/em> kanssa koettua ep\u00e4toivoiselta tuntunutta jumivaihetta (jota hoitelin k\u00e4\u00e4nt\u00e4m\u00e4ll\u00e4 v\u00e4lill\u00e4 loppuun Jonathan Tropperin romaanin <em>Kuinka l\u00e4hesty\u00e4 leskimiest\u00e4<\/em>) ei t\u00e4ll\u00e4 kertaa tullutkaan.<\/p>\n<p>On toisaalta ilahduttavaa huomata, ett\u00e4 en ole kangistunut kaavoihini. Toistaiseksi jokainen kirja on syntynyt hieman erilaisella ty\u00f6metodilla. T\u00e4ll\u00e4 kertaa en aina edes pit\u00e4nyt ihan tarkkaan kiinni normaalista lineaarisesta kirjoittamistavasta, vaan esimerkiksi viimeisen luvun viimeinen kappale \u2013 kirjan kolme loppuvirkett\u00e4 \u2013 oli valmiina omassa tiedostossaan jo ennen kuin nelj\u00e4\u00e4 edellist\u00e4 lukua oli edes aloitettu.<\/p>\n<p>T\u00e4m\u00e4 tekstiversio (joka kulkee nyt tyls\u00e4sti nimell\u00e4 \u201d1.0\u201d) ei viel\u00e4 p\u00e4\u00e4se kustannustoimittajan eik\u00e4 ateljeekriitikkojen luettavaksi. Pid\u00e4n nyt puolisentoista viikkoa lomaa (ainakin t\u00e4m\u00e4n kirjan) kirjoittamisesta ja palaan sitten tekstin pariin toivon mukaan v\u00e4h\u00e4n toisenlaisin katsein. Muuta kirjoittamista kyll\u00e4 on l\u00e4hitulevaisuudessa tiedossa: k\u00e4\u00e4nn\u00f6sten korjauksia, teksti kes\u00e4n <a href=\"http:\/\/2013.finncon.org\/\" target=\"_blank\">Finnconin<\/a> ohjelmalehtiseen, toisen <a href=\"http:\/\/2013.finncon.org\/\" target=\"_blank\">Finncon<\/a>-kunniavieraan novellin k\u00e4\u00e4nn\u00f6s, noin ensi alkuun. Tekemist\u00e4 riitt\u00e4\u00e4.<\/p>\n<p>___<\/p>\n<p><small>* <em>Alshainin<\/em> ykk\u00f6sosassa oli tosin lopulta kuusi lukua, koska ensimm\u00e4isest\u00e4 tuli niin pitk\u00e4 ett\u00e4 se oli mielekk\u00e4\u00e4mp\u00e4\u00e4 jakaa kahtia.<\/small><\/p>\n","protected":false},"excerpt":{"rendered":"<p>\u00c4sken katselin 25. lukuun kirjoittamaani teksti\u00e4 ja, vaikka p\u00e4hk\u00e4ilin, en keksinyt mit\u00e4 siihen pit\u00e4isi lis\u00e4t\u00e4. En my\u00f6sk\u00e4\u00e4n keksinyt en\u00e4\u00e4 yht\u00e4\u00e4n uutta t\u00e4ydennyst\u00e4 lis\u00e4tt\u00e4v\u00e4ksi kahteenkymmeneennelj\u00e4\u00e4n aikaisempaan lukuun. Joten uskottava se on: Paluun ensimm\u00e4inen versio on nyt valmis. Hetkitt\u00e4in hanke on hirvitt\u00e4nyt. Kun kyseess\u00e4 on itsen\u00e4inen jatko-osa &hellip; <a href=\"https:\/\/yrttimaa.net\/Blogi\/?p=5605\" class=\"more-link\">Jatka artikkeliin <span class=\"screen-reader-text\">Siin\u00e4 lep\u00e4\u00e4 \u2013 hetken<\/span><\/a><\/p>\n","protected":false},"author":1,"featured_media":0,"comment_status":"open","ping_status":"closed","sticky":false,"template":"","format":"standard","meta":{"footnotes":""},"categories":[13,11,9,55,39,32],"tags":[],"class_list":["post-5605","post","type-post","status-publish","format-standard","hentry","category-kirjailijaelamaa","category-kirjoittaminen","category-sf","category-alas","category-alshain","category-karsta"],"_links":{"self":[{"href":"https:\/\/yrttimaa.net\/Blogi\/index.php?rest_route=\/wp\/v2\/posts\/5605","targetHints":{"allow":["GET"]}}],"collection":[{"href":"https:\/\/yrttimaa.net\/Blogi\/index.php?rest_route=\/wp\/v2\/posts"}],"about":[{"href":"https:\/\/yrttimaa.net\/Blogi\/index.php?rest_route=\/wp\/v2\/types\/post"}],"author":[{"embeddable":true,"href":"https:\/\/yrttimaa.net\/Blogi\/index.php?rest_route=\/wp\/v2\/users\/1"}],"replies":[{"embeddable":true,"href":"https:\/\/yrttimaa.net\/Blogi\/index.php?rest_route=%2Fwp%2Fv2%2Fcomments&post=5605"}],"version-history":[{"count":6,"href":"https:\/\/yrttimaa.net\/Blogi\/index.php?rest_route=\/wp\/v2\/posts\/5605\/revisions"}],"predecessor-version":[{"id":5611,"href":"https:\/\/yrttimaa.net\/Blogi\/index.php?rest_route=\/wp\/v2\/posts\/5605\/revisions\/5611"}],"wp:attachment":[{"href":"https:\/\/yrttimaa.net\/Blogi\/index.php?rest_route=%2Fwp%2Fv2%2Fmedia&parent=5605"}],"wp:term":[{"taxonomy":"category","embeddable":true,"href":"https:\/\/yrttimaa.net\/Blogi\/index.php?rest_route=%2Fwp%2Fv2%2Fcategories&post=5605"},{"taxonomy":"post_tag","embeddable":true,"href":"https:\/\/yrttimaa.net\/Blogi\/index.php?rest_route=%2Fwp%2Fv2%2Ftags&post=5605"}],"curies":[{"name":"wp","href":"https:\/\/api.w.org\/{rel}","templated":true}]}}