{"id":224,"date":"2008-12-03T20:51:24","date_gmt":"2008-12-03T17:51:24","guid":{"rendered":"http:\/\/www.yrttimaa.net\/Blogi\/?p=224"},"modified":"2010-07-15T16:31:17","modified_gmt":"2010-07-15T13:31:17","slug":"huomisen-kulttuuriuutinen-taalla-jo-tanaan","status":"publish","type":"post","link":"https:\/\/yrttimaa.net\/Blogi\/?p=224","title":{"rendered":"Huomisen kulttuuriuutinen &#8211; t\u00e4\u00e4ll\u00e4 jo t\u00e4n\u00e4\u00e4n"},"content":{"rendered":"<p><big><strong>M<\/strong><\/big>uutama tunti sitten p\u00e4\u00e4ttynyt Suomen Kirjailijaliiton yleiskokous* hyv\u00e4ksyi per\u00e4ti kaksikymment\u00e4yksi uutta j\u00e4sent\u00e4. Yksi heist\u00e4 on Kata K\u00e4rkk\u00e4inen.<\/p>\n<p>Onnittelut ja tervetuloa!<\/p>\n<p><strong>EDIT<\/strong>. Koska <a href=\"http:\/\/www.hs.fi\/kulttuuri\/artikkeli\/Kata+K%C3%A4rkk%C3%A4inen+p%C3%A4%C3%A4si+viimein+Kirjailijaliiton+j%C3%A4seneksi\/1135241643675\">t\u00e4k\u00e4l\u00e4inen paikallislehtikin<\/a> katsoi aiheelliseksi noteerata uusista j\u00e4senist\u00e4 vain K\u00e4rkk\u00e4isen, laitetaanpa sitten edes t\u00e4nne koko komea lista: Raili Alahautala, Martti Anhava, Sanna Eeva, Simo Halinen, Ville Hyt\u00f6nen, Silja J\u00e4rventausta, Sari Kanala, Anneli Kanto, Marko Kitti, Riku Korhonen, Kata K\u00e4rkk\u00e4inen, Juhani Laulajainen, Arne Nevanlinna, Eero Pasanen, Anneli Poukka, Markku R\u00f6nkk\u00f6, Pauliina Susi, Mila Ter\u00e4s, Reijo Vahtokari, Jussi Valtonen sek\u00e4 nimimerkki\u00e4 Max Manner k\u00e4ytt\u00e4v\u00e4 kirjailija. Muutaman tosin olisin kuvitellut olleen j\u00e4senen\u00e4 jo useamman vuoden.<\/p>\n<p>&#8212;<\/p>\n<p><small>* Kuten t\u00e4m\u00e4n blogin lukijoille ep\u00e4ilem\u00e4tt\u00e4 on jo selv\u00e4\u00e4kin, uudet j\u00e4senet valitsee liiton yleiskokous j\u00e4sentoimikunnan ehdotuksesta &#8211; ei kirjailijaliiton johtokunta, kuten jotkut kulttuurilliselta tietotaidoltaan kyseenalaiset julkaisut ovat v\u00e4itt\u00e4neet.<\/small><\/p>\n","protected":false},"excerpt":{"rendered":"<p>Muutama tunti sitten p\u00e4\u00e4ttynyt Suomen Kirjailijaliiton yleiskokous* hyv\u00e4ksyi per\u00e4ti kaksikymment\u00e4yksi uutta j\u00e4sent\u00e4. Yksi heist\u00e4 on Kata K\u00e4rkk\u00e4inen. Onnittelut ja tervetuloa! EDIT. Koska t\u00e4k\u00e4l\u00e4inen paikallislehtikin katsoi aiheelliseksi noteerata uusista j\u00e4senist\u00e4 vain K\u00e4rkk\u00e4isen, laitetaanpa sitten edes t\u00e4nne koko komea lista: Raili Alahautala, Martti Anhava, Sanna Eeva, Simo &hellip; <a href=\"https:\/\/yrttimaa.net\/Blogi\/?p=224\" class=\"more-link\">Jatka artikkeliin <span class=\"screen-reader-text\">Huomisen kulttuuriuutinen &#8211; t\u00e4\u00e4ll\u00e4 jo t\u00e4n\u00e4\u00e4n<\/span><\/a><\/p>\n","protected":false},"author":1,"featured_media":0,"comment_status":"closed","ping_status":"closed","sticky":false,"template":"","format":"standard","meta":{"footnotes":""},"categories":[12,13,5],"tags":[],"class_list":["post-224","post","type-post","status-publish","format-standard","hentry","category-jarjestotoiminta","category-kirjailijaelamaa","category-kirjallisuus"],"_links":{"self":[{"href":"https:\/\/yrttimaa.net\/Blogi\/index.php?rest_route=\/wp\/v2\/posts\/224","targetHints":{"allow":["GET"]}}],"collection":[{"href":"https:\/\/yrttimaa.net\/Blogi\/index.php?rest_route=\/wp\/v2\/posts"}],"about":[{"href":"https:\/\/yrttimaa.net\/Blogi\/index.php?rest_route=\/wp\/v2\/types\/post"}],"author":[{"embeddable":true,"href":"https:\/\/yrttimaa.net\/Blogi\/index.php?rest_route=\/wp\/v2\/users\/1"}],"replies":[{"embeddable":true,"href":"https:\/\/yrttimaa.net\/Blogi\/index.php?rest_route=%2Fwp%2Fv2%2Fcomments&post=224"}],"version-history":[{"count":6,"href":"https:\/\/yrttimaa.net\/Blogi\/index.php?rest_route=\/wp\/v2\/posts\/224\/revisions"}],"predecessor-version":[{"id":1930,"href":"https:\/\/yrttimaa.net\/Blogi\/index.php?rest_route=\/wp\/v2\/posts\/224\/revisions\/1930"}],"wp:attachment":[{"href":"https:\/\/yrttimaa.net\/Blogi\/index.php?rest_route=%2Fwp%2Fv2%2Fmedia&parent=224"}],"wp:term":[{"taxonomy":"category","embeddable":true,"href":"https:\/\/yrttimaa.net\/Blogi\/index.php?rest_route=%2Fwp%2Fv2%2Fcategories&post=224"},{"taxonomy":"post_tag","embeddable":true,"href":"https:\/\/yrttimaa.net\/Blogi\/index.php?rest_route=%2Fwp%2Fv2%2Ftags&post=224"}],"curies":[{"name":"wp","href":"https:\/\/api.w.org\/{rel}","templated":true}]}}