{"id":218,"date":"2008-12-01T14:39:13","date_gmt":"2008-12-01T11:39:13","guid":{"rendered":"http:\/\/www.yrttimaa.net\/Blogi\/?p=218"},"modified":"2010-07-15T16:31:21","modified_gmt":"2010-07-15T13:31:21","slug":"tietokirjailijasta-kaunokirjailijaksi","status":"publish","type":"post","link":"https:\/\/yrttimaa.net\/Blogi\/?p=218","title":{"rendered":"Tietokirjailijasta kaunokirjailijaksi"},"content":{"rendered":"<p><em><big><strong>K<\/strong><\/big>otistudion paluun<\/em>, eli <em>Kotistudio<\/em>-kirjan uuden, kolmannen laitoksen tekstit l\u00e4htiv\u00e4t lauantai-iltana kuvittaja-Kivelle ja toimittaja-Stellalle. Molemmilta on odotettavissa tiukkoja kommentteja ja t\u00e4rkeit\u00e4 korjausehdotuksia, mutta ei viel\u00e4. Nyt voin pist\u00e4\u00e4 kaljuuntuvaan p\u00e4\u00e4h\u00e4n vaihteeksi toisen hatun. On aika oikeasti ruveta suunnittelemaan <em>Karstaa<\/em>.<\/p>\n<p>Todenn\u00e4k\u00f6isesti joulukuu, muine kiireineen, menee suunnittelussa, rakenteen hiomisessa, henkil\u00f6gallerian luonnehtimisessa ja l\u00e4hdekirjallisuuden lukemisessa. Voisinkin oikeastaan p\u00e4\u00e4tt\u00e4\u00e4 n\u00e4in alustavasti, ett\u00e4 ensimm\u00e4isen luvun kirjoittaminen alkaa tammikuun 2. p\u00e4iv\u00e4n\u00e4 2009. Ensimm\u00e4isen kirjoitusp\u00e4iv\u00e4n p\u00e4\u00e4tt\u00e4minen hyviss\u00e4 ajoin on aikaisempien kirjojen kohdalla osoittautunut hyv\u00e4ksi innosteeksi, toivotaan ett\u00e4 t\u00e4ll\u00e4 kertaa jekku toimii yht\u00e4 hyvin.<\/p>\n<p>Alkusyksyst\u00e4 kuvittelin viel\u00e4 optimistisesti, ett\u00e4 olisin ehtinyt tehd\u00e4 suurimman osan suunnitteluty\u00f6st\u00e4 jo marraskuussa, joten p\u00e4\u00e4sisin varsinaisiin kirjoitushommiin viel\u00e4 t\u00e4m\u00e4n vuoden puolella. Katteeton optimismi on ennenkin kuulunut helmasynteihini, my\u00f6nnet\u00e4\u00e4n. Marraskuu meni <em>Kotistudion<\/em> tekstin toimitusty\u00f6ss\u00e4, ja siihen meni aikaa enemm\u00e4n kuin olin kuvitellutkaan. Niin, teinh\u00e4n min\u00e4 kuun mittaan my\u00f6s eritt\u00e4in miellytt\u00e4v\u00e4n pikku k\u00e4\u00e4nn\u00f6sty\u00f6n &#8211; sellaiselta kirjailijalta ja sellaiseen julkaisuun, joita voisin muutamien kollegojen tuntevan liev\u00e4\u00e4 kateutta. Niin min\u00e4kin tunnen aina niit\u00e4 k\u00e4\u00e4nt\u00e4j\u00e4tuttavia kohtaan, jotka p\u00e4\u00e4sev\u00e4t suomentamaan t\u00e4m\u00e4n kirjailijasankarini t\u00f6it\u00e4. Kerron asiasta lis\u00e4\u00e4 kun ko. julkaisu alkaa olla saatavilla.<\/p>\n<p>Sit\u00e4 odotellessa parantelen eilen iskenytt\u00e4 flunssanpoikasta, juon paljon teet\u00e4 ja riipustelen muistiinpanoja. Ja suunnittelen samalla my\u00f6s er\u00e4st\u00e4 toista projektia, jonka toistaiseksi konkreettisin osanen riippuu edess\u00e4ni sein\u00e4ll\u00e4.<\/p>\n<p><img decoding=\"async\" class=\"aligncenter\" src=\"http:\/\/www.yrttimaa.net\/kuvat\/Blogiin\/Kirjailija.jpg\" alt=\"\" width=\"99%\" \/><\/p>\n","protected":false},"excerpt":{"rendered":"<p>Kotistudion paluun, eli Kotistudio-kirjan uuden, kolmannen laitoksen tekstit l\u00e4htiv\u00e4t lauantai-iltana kuvittaja-Kivelle ja toimittaja-Stellalle. Molemmilta on odotettavissa tiukkoja kommentteja ja t\u00e4rkeit\u00e4 korjausehdotuksia, mutta ei viel\u00e4. Nyt voin pist\u00e4\u00e4 kaljuuntuvaan p\u00e4\u00e4h\u00e4n vaihteeksi toisen hatun. On aika oikeasti ruveta suunnittelemaan Karstaa. Todenn\u00e4k\u00f6isesti joulukuu, muine kiireineen, menee suunnittelussa, rakenteen &hellip; <a href=\"https:\/\/yrttimaa.net\/Blogi\/?p=218\" class=\"more-link\">Jatka artikkeliin <span class=\"screen-reader-text\">Tietokirjailijasta kaunokirjailijaksi<\/span><\/a><\/p>\n","protected":false},"author":1,"featured_media":0,"comment_status":"closed","ping_status":"closed","sticky":false,"template":"","format":"standard","meta":{"footnotes":""},"categories":[13,11,6],"tags":[],"class_list":["post-218","post","type-post","status-publish","format-standard","hentry","category-kirjailijaelamaa","category-kirjoittaminen","category-suomentaminen"],"_links":{"self":[{"href":"https:\/\/yrttimaa.net\/Blogi\/index.php?rest_route=\/wp\/v2\/posts\/218","targetHints":{"allow":["GET"]}}],"collection":[{"href":"https:\/\/yrttimaa.net\/Blogi\/index.php?rest_route=\/wp\/v2\/posts"}],"about":[{"href":"https:\/\/yrttimaa.net\/Blogi\/index.php?rest_route=\/wp\/v2\/types\/post"}],"author":[{"embeddable":true,"href":"https:\/\/yrttimaa.net\/Blogi\/index.php?rest_route=\/wp\/v2\/users\/1"}],"replies":[{"embeddable":true,"href":"https:\/\/yrttimaa.net\/Blogi\/index.php?rest_route=%2Fwp%2Fv2%2Fcomments&post=218"}],"version-history":[{"count":6,"href":"https:\/\/yrttimaa.net\/Blogi\/index.php?rest_route=\/wp\/v2\/posts\/218\/revisions"}],"predecessor-version":[{"id":1931,"href":"https:\/\/yrttimaa.net\/Blogi\/index.php?rest_route=\/wp\/v2\/posts\/218\/revisions\/1931"}],"wp:attachment":[{"href":"https:\/\/yrttimaa.net\/Blogi\/index.php?rest_route=%2Fwp%2Fv2%2Fmedia&parent=218"}],"wp:term":[{"taxonomy":"category","embeddable":true,"href":"https:\/\/yrttimaa.net\/Blogi\/index.php?rest_route=%2Fwp%2Fv2%2Fcategories&post=218"},{"taxonomy":"post_tag","embeddable":true,"href":"https:\/\/yrttimaa.net\/Blogi\/index.php?rest_route=%2Fwp%2Fv2%2Ftags&post=218"}],"curies":[{"name":"wp","href":"https:\/\/api.w.org\/{rel}","templated":true}]}}